{"id":5017,"date":"2026-04-29T15:27:50","date_gmt":"2026-04-29T18:27:50","guid":{"rendered":"https:\/\/sindilojasbrusque.com.br\/?p=5017"},"modified":"2026-04-29T15:27:52","modified_gmt":"2026-04-29T18:27:52","slug":"sindilojas-brusque-lanca-festival-de-premios-da-campanha-comercio-local-e-legal-2026","status":"publish","type":"post","link":"https:\/\/sindilojasbrusque.com.br\/?p=5017","title":{"rendered":"Sindilojas Brusque lan\u00e7a Festival de Pr\u00eamios da campanha Com\u00e9rcio Local \u00e9 Legal 2026"},"content":{"rendered":"\n<p><\/p>\n\n\n\n<p><em>Iniciativa da Fecom\u00e9rcio SC re\u00fane empresas da regi\u00e3o e vai distribuir R$ 500 mil em pr\u00eamios para consumidores<\/em><\/p>\n\n\n\n<p><\/p>\n\n\n\n<p>O Sindicato do Com\u00e9rcio Varejista e Atacadista de Brusque, Botuver\u00e1 e Guabiruba (Sindilojas) realizou nesta ter\u00e7a-feira, 28 de abril, o lan\u00e7amento do Festival de Pr\u00eamios da campanha Com\u00e9rcio Local \u00e9 Legal 2026, uma iniciativa da Fecom\u00e9rcio Santa Catarina em parceria com os sindicatos empresariais de todo o estado. A a\u00e7\u00e3o tem como objetivo incentivar as compras no com\u00e9rcio local e fortalecer a economia da regi\u00e3o.<\/p>\n\n\n\n<p>O evento ocorreu na sede do Sindilojas Brusque e reuniu empres\u00e1rios participantes da campanha, entidades parceiras e profissionais da imprensa. A programa\u00e7\u00e3o incluiu a exibi\u00e7\u00e3o de mensagem institucional do presidente da Fecom\u00e9rcio SC, H\u00e9lio Dagnoni, e a apresenta\u00e7\u00e3o da campanha, feita pelo presidente do Sindilojas, Fernando Walendowsky.<\/p>\n\n\n\n<p>Em Brusque e regi\u00e3o, a campanha conta com 111 lojas participantes, de diferentes segmentos do com\u00e9rcio, que aderiram \u00e0 proposta de incentivar o consumo local e valorizar os neg\u00f3cios.<\/p>\n\n\n\n<p>Em 2026, a campanha chega ainda mais robusta. A Fecom\u00e9rcio SC dobrou a premia\u00e7\u00e3o, totalizando R$ 500 mil em pr\u00eamios. Entre eles est\u00e3o dois autom\u00f3veis Volkswagen Polo, 150 Smart TVs de 50 polegadas e 150 fornos el\u00e9tricos Fischer.<\/p>\n\n\n\n<p>O presidente do Sindilojas ressalta o crescimento da campanha e o impacto esperado. \u201cA premia\u00e7\u00e3o aumentou bastante, como tamb\u00e9m o n\u00famero de estabelecimentos comerciais participantes na regi\u00e3o. Al\u00e9m de estimular as vendas, a iniciativa refor\u00e7a a import\u00e2ncia de manter os recursos circulando no munic\u00edpio, fortalecendo empresas locais e impulsionando o desenvolvimento econ\u00f4mico da regi\u00e3o\u201d, afirma.<\/p>\n\n\n\n<p>Ele tamb\u00e9m explica que a participa\u00e7\u00e3o foi simplificada. \u201cNo cupom fiscal h\u00e1 um QR Code que a pessoa escaneia, faz o cadastro no site da Campanha e, a cada R$ 200 em compras, recebe um n\u00famero da sorte para concorrer. Quanto mais comprar, mais chances tem de ganhar\u201d, completa.<\/p>\n\n\n\n<p>O sorteio ser\u00e1 realizado em 15 de setembro, Dia do Cliente. Segundo o presidente, a expectativa \u00e9 ampliar o n\u00famero de ganhadores da regi\u00e3o. \u201cNo ano passado j\u00e1 tivemos um ganhador aqui em Brusque. Neste ano, com mais pr\u00eamios e mais empresas participantes, a expectativa \u00e9 ainda maior\u201d, ressalta.<\/p>\n\n\n\n<p>A vice-presidente do Sindilojas Brusque, Mari Suzana Cassaniga Rosa, refor\u00e7a a import\u00e2ncia do envolvimento da comunidade com a campanha. \u201cN\u00f3s, como cidad\u00e3os, precisamos valorizar o nosso com\u00e9rcio, porque \u00e9 dele que a gente vive. Consumir na cidade fortalece a economia e gera desenvolvimento para todos\u201d, destaca.<\/p>\n\n\n\n<p>Ela tamb\u00e9m chama aten\u00e7\u00e3o para o crescimento do com\u00e9rcio nos bairros. \u201cHoje temos regi\u00f5es que se tornaram verdadeiros polos comerciais, com muitas empresas e lojistas. Isso fortalece o com\u00e9rcio local e amplia a atua\u00e7\u00e3o do sindicato na representa\u00e7\u00e3o desses empres\u00e1rios\u201d, afirma.<\/p>\n\n\n\n<p>Sobre a campanha, Mari Suzana enfatiza o potencial de engajamento. \u201cOs pr\u00eamios s\u00e3o atrativos e aumentam o interesse dos consumidores, mas \u00e9 importante que as empresas incentivem os clientes a participarem. Quando o lojista e a equipe se envolvem, a campanha ganha ainda mais for\u00e7a\u201d, pontua.<\/p>\n\n\n\n<p>Nesta edi\u00e7\u00e3o, o Festival de Pr\u00eamios conta com o apoio da empresa Fischer, ind\u00fastria brusquense que completa 60 anos em 2026. A gestora de marketing da empresa, Taina Schwamberger, destaca a import\u00e2ncia da iniciativa para toda a cadeia econ\u00f4mica. \u201c\u00c9 uma grande oportunidade de incentivar o com\u00e9rcio local. A Fischer \u00e9 uma empresa da cidade e, para n\u00f3s, \u00e9 uma satisfa\u00e7\u00e3o apoiar essa iniciativa. Quando fortalecemos o com\u00e9rcio, estamos apoiando toda a cadeia, do fornecedor ao consumidor\u201d, afirma.<\/p>\n\n\n\n<p>Ela tamb\u00e9m ressalta que o apoio \u00e0 campanha integra as a\u00e7\u00f5es comemorativas da empresa. \u201cNeste ano, a Fischer completa 60 anos e temos desenvolvido iniciativas voltadas aos nossos clientes, parceiros e \u00e0 comunidade. Participar desta campanha tamb\u00e9m \u00e9 uma forma de retribuir e contribuir com o desenvolvimento local\u201d, completa.<\/p>\n\n\n\n<p>Durante o evento, foi destacado que, dos 150 fornos el\u00e9tricos que ser\u00e3o sorteados, 50 foram doados pela empresa Fischer.<\/p>\n\n\n\n<p><\/p>\n\n\n\n<p><strong>Como participar<\/strong><\/p>\n\n\n\n<p>O Festival de Pr\u00eamios da campanha Com\u00e9rcio Local \u00e9 Legal acontece de 28 de abril a 11 de setembro. Para participar, o consumidor deve realizar compras nas lojas identificadas, escanear o QR Code dispon\u00edvel no material da campanha ou acessar o site oficial (<a href=\"https:\/\/comerciolocalelegal.fecomercio-sc.com.br\">https:\/\/comerciolocalelegal.fecomercio-sc.com.br<\/a> ) , cadastrar seus dados e inserir o cupom fiscal. A cada R$ 200 em compras, \u00e9 gerado um n\u00famero da sorte para concorrer aos pr\u00eamios.<\/p>\n\n\n\n<p><\/p>\n\n\n\n<p><strong>Estabelecimentos Participantes<\/strong><\/p>\n\n\n\n<p>ADSOMOS SOFTWARES LTDA<\/p>\n\n\n\n<p>AGROERBS COMERCIO DE INSUMOS AGROPECUARIOS LTDA<\/p>\n\n\n\n<p>AGROPECUARIA PASSARO PRETO LTDA<\/p>\n\n\n\n<p>ALEX SANDRO RIEG SERVICOS<\/p>\n\n\n\n<p>ARCHER MATERIAIS DE CONSTRUCAO LTDA<\/p>\n\n\n\n<p>AREGG STORE BOUTIQUE LTDA<\/p>\n\n\n\n<p>BEAGLE &#8211; K2 COMERCIO E INDUSTRIA LTDA<\/p>\n\n\n\n<p>BISTEK &#8211; SUPERMERCADOS LTDA.<\/p>\n\n\n\n<p>BREZZI CONFECCOES LTDA.<\/p>\n\n\n\n<p>BRUSCOMP INFORMATICA LTDA<\/p>\n\n\n\n<p>BRUSOFT INFORMATICA LTDA<\/p>\n\n\n\n<p>CAL\u00c7ADOS GEVAERD LTDA (Brusque e Guabiruba)<\/p>\n\n\n\n<p>CIA FASHION MODAS<\/p>\n\n\n\n<p>COISAS DE MAMAE LTDA<\/p>\n\n\n\n<p>COMERCIAL ATACADISTA DE ALIMENTOS STOCK LTDA (2 lojas)<\/p>\n\n\n\n<p>COMERCIAL WALTER STRAETZ LTDA<\/p>\n\n\n\n<p>COMERCIO DE EMBALAGENS DOKASSA LTDA.<\/p>\n\n\n\n<p>DENTALCLASS &#8211; ORAL DESIGN ODONTOLOGIA LTDA<\/p>\n\n\n\n<p>DERMAVITA FARMACIA DE MANIPULACAO LTDA<\/p>\n\n\n\n<p>ESTER HOLATZ DA SILVA<\/p>\n\n\n\n<p>FARMACIA GUABIRUBA SUL LTDA (2 lojas)<\/p>\n\n\n\n<p>FEMATEL COMERCIO DE FERRAGENS LTDA<\/p>\n\n\n\n<p>FORT ATACADISTA<\/p>\n\n\n\n<p>FUN KIDS COMERCIO E LOCACAO DE BRINQUEDOS LTDA<\/p>\n\n\n\n<p>GORILLA WEAR ECOMMERCE LTDA<\/p>\n\n\n\n<p>GUABIFIOS PRODUTOS TEXTEIS LTDA<\/p>\n\n\n\n<p>HAVAN S.A<\/p>\n\n\n\n<p>HD SOFTWARE LTDA<\/p>\n\n\n\n<p>HORTIFRUTI DIMON LTDA<\/p>\n\n\n\n<p>INACIO WALENDOWSKY IND E COM LTDA<\/p>\n\n\n\n<p>KOCH HIPERMERCADO S\/A (todas as lojas)<\/p>\n\n\n\n<p>KOPENHAGEM (JJotas)<\/p>\n\n\n\n<p>LEMUS CAL\u00c7ADOS (todas as lojas)<\/p>\n\n\n\n<p>LIVRARIA E PAPELARIA GRAF LTDA<\/p>\n\n\n\n<p>LOJA ALECESAR LTDA<\/p>\n\n\n\n<p>LOJAS KOERICH (Brusque e Guabiruba)<\/p>\n\n\n\n<p>LOJAS COLOMBO SA COMERCIO DE UTILIDADES DOM\u00c9STICAS (Brusque e Guabiruba)<\/p>\n\n\n\n<p>LOJAS MILIUM LTDA<\/p>\n\n\n\n<p>MACOM VEICULOS<\/p>\n\n\n\n<p>MANATEX TEXTIL LTDA<\/p>\n\n\n\n<p>MEGA MOTOS COMERCIO IMPORTACAO E EXPORTACAO LTDA<\/p>\n\n\n\n<p>MENSAGEIRO DA PAZ<\/p>\n\n\n\n<p>MENSAGEIRO DOS SONHOS<\/p>\n\n\n\n<p>OTICA BOA VISAO<\/p>\n\n\n\n<p>OTICA BRUSQUENSE LTDA<\/p>\n\n\n\n<p>OTICA MODERNA (todas as lojas)<\/p>\n\n\n\n<p>OTICA SCHRODER LTDA (todas as lojas)<\/p>\n\n\n\n<p>OTTO ATACAREJO COMERCIAL LTDA (todas as lojas)<\/p>\n\n\n\n<p>PADOCK PNEUS<\/p>\n\n\n\n<p>PITTOL CALCADOS LTDA<\/p>\n\n\n\n<p>RAMATEX COMERCIO DE TECIDOS E AVIAMENTOS LTDA.<\/p>\n\n\n\n<p>RELOJOARIA STONFER LTDA<\/p>\n\n\n\n<p>ROLASUL DISTRIBUIDORA DE ROLAMENTOS LTDA.<\/p>\n\n\n\n<p>ROSA MARIA LIOTTO &amp; CIA.LTDA<\/p>\n\n\n\n<p>SETRAT COMERCIO DE PISCINAS LTDA<\/p>\n\n\n\n<p>SOCIEDADE RADIO ARAGUAIA DE BRUSQUE LTDA<\/p>\n\n\n\n<p>SUPERLEGAL COMERCIO DE BRINQUEDOS LTDA<\/p>\n\n\n\n<p>SUPERMERCADO CAROL LTDA (todas as lojas)<\/p>\n\n\n\n<p>SUPERMERCADO DELL&#8217;AGNOLO LTDA \u2013 Brusque e Guabiruba<\/p>\n\n\n\n<p>SUPERMERCADOS ANGELONI &amp; CIA. LTDA<\/p>\n\n\n\n<p>SUPERMERCADOS ARCHER AS (todas as lojas)<\/p>\n\n\n\n<p>TALINDA CONFECCOES LTDA<\/p>\n\n\n\n<p>THELAVI MODAS LTDA<\/p>\n\n\n\n<p>VANTEX DISTRIBUIDORA DE PRODUTOS TEXTEIS LTDA<\/p>\n\n\n\n<p>VITORIA INDUSTRIA E COMERCIO DE CONFECCOES LTDA<\/p>\n\n\n\n<p>WALENDOWSKY FERRAGENS LTDA<\/p>\n\n\n\n<p>WJ IND. E COM.&nbsp; DE ARTEFATOS DE COURO (lojas da Rod. Ivo Silveira e Ant\u00f4nio Heil)<\/p>\n\n\n\n<p>ZE MELO MATERIAIS DE CONSTRUCAO LTDA<\/p>\n","protected":false},"excerpt":{"rendered":"<p>Iniciativa da Fecom\u00e9rcio SC re\u00fane empresas da regi\u00e3o e vai distribuir R$ 500 mil em pr\u00eamios para consumidores O Sindicato do Com\u00e9rcio Varejista e Atacadista de Brusque, Botuver\u00e1 e Guabiruba (Sindilojas) realizou nesta ter\u00e7a-feira, 28 de abril, o lan\u00e7amento do Festival de Pr\u00eamios da campanha Com\u00e9rcio Local \u00e9 Legal 2026, uma iniciativa da Fecom\u00e9rcio Santa [&hellip;]<\/p>\n","protected":false},"author":1,"featured_media":5019,"comment_status":"open","ping_status":"open","sticky":false,"template":"","format":"standard","meta":{"footnotes":""},"categories":[1],"tags":[],"class_list":["post-5017","post","type-post","status-publish","format-standard","has-post-thumbnail","hentry","category-geral"],"_links":{"self":[{"href":"https:\/\/sindilojasbrusque.com.br\/index.php?rest_route=\/wp\/v2\/posts\/5017","targetHints":{"allow":["GET"]}}],"collection":[{"href":"https:\/\/sindilojasbrusque.com.br\/index.php?rest_route=\/wp\/v2\/posts"}],"about":[{"href":"https:\/\/sindilojasbrusque.com.br\/index.php?rest_route=\/wp\/v2\/types\/post"}],"author":[{"embeddable":true,"href":"https:\/\/sindilojasbrusque.com.br\/index.php?rest_route=\/wp\/v2\/users\/1"}],"replies":[{"embeddable":true,"href":"https:\/\/sindilojasbrusque.com.br\/index.php?rest_route=%2Fwp%2Fv2%2Fcomments&post=5017"}],"version-history":[{"count":1,"href":"https:\/\/sindilojasbrusque.com.br\/index.php?rest_route=\/wp\/v2\/posts\/5017\/revisions"}],"predecessor-version":[{"id":5024,"href":"https:\/\/sindilojasbrusque.com.br\/index.php?rest_route=\/wp\/v2\/posts\/5017\/revisions\/5024"}],"wp:featuredmedia":[{"embeddable":true,"href":"https:\/\/sindilojasbrusque.com.br\/index.php?rest_route=\/wp\/v2\/media\/5019"}],"wp:attachment":[{"href":"https:\/\/sindilojasbrusque.com.br\/index.php?rest_route=%2Fwp%2Fv2%2Fmedia&parent=5017"}],"wp:term":[{"taxonomy":"category","embeddable":true,"href":"https:\/\/sindilojasbrusque.com.br\/index.php?rest_route=%2Fwp%2Fv2%2Fcategories&post=5017"},{"taxonomy":"post_tag","embeddable":true,"href":"https:\/\/sindilojasbrusque.com.br\/index.php?rest_route=%2Fwp%2Fv2%2Ftags&post=5017"}],"curies":[{"name":"wp","href":"https:\/\/api.w.org\/{rel}","templated":true}]}}