{"id":4806,"date":"2025-03-13T14:54:42","date_gmt":"2025-03-13T17:54:42","guid":{"rendered":"https:\/\/sindilojasbrusque.com.br\/?p=4806"},"modified":"2025-03-13T14:54:43","modified_gmt":"2025-03-13T17:54:43","slug":"sindilojas-marca-presenca-em-missao-empresarial-da-fecomercio-sc-em-portugal","status":"publish","type":"post","link":"http:\/\/sindilojasbrusque.com.br\/?p=4806","title":{"rendered":"Sindilojas marca presen\u00e7a em miss\u00e3o empresarial da Fecom\u00e9rcio SC em Portugal"},"content":{"rendered":"\n<p><\/p>\n\n\n\n<p>O presidente do Sindicato do Com\u00e9rcio Varejista e Atacadista de Brusque, Botuver\u00e1 e Guabiruba (Sindilojas) Marcelo Gevaerd, e o diretor Antonio Pacheco Francisco integram a Miss\u00e3o Empresarial da Fecom\u00e9rcio, Sesc e Senac, que embarcou na segunda-feira, 10 de mar\u00e7o, para Portugal. O objetivo principal da viagem \u00e9 acompanhar a maior feira de turismo do pa\u00eds, a Bolsa de Turismo de Lisboa (BTL), al\u00e9m de participar de visitas estrat\u00e9gicas para impulsionar neg\u00f3cios e promover o interc\u00e2mbio de conhecimento entre Brasil e Europa.&nbsp;<\/p>\n\n\n\n<p>O primeiro dia da miss\u00e3o proporcionou viv\u00eancias enriquecedoras e conex\u00f5es estrat\u00e9gicas, destacando o impacto das parcerias p\u00fablico-privadas, a valoriza\u00e7\u00e3o da gastronomia como vetor de desenvolvimento e as oportunidades concretas de internacionaliza\u00e7\u00e3o de servi\u00e7os e produtos brasileiros.&nbsp;<\/p>\n\n\n\n<p><\/p>\n\n\n\n<p><strong>Mercado da Ribeira: um modelo de revitaliza\u00e7\u00e3o<\/strong><\/p>\n\n\n\n<p>A agenda iniciou no Mercado da Ribeira, um dos principais polos gastron\u00f4micos de Lisboa. O local \u00e9 um exemplo de como a colabora\u00e7\u00e3o entre setor p\u00fablico e privado pode transformar espa\u00e7os e impulsionar o turismo. Operado pelo Time Out Market, o espa\u00e7o re\u00fane alguns dos melhores chefs de Portugal, oferecendo uma experi\u00eancia gastron\u00f4mica diferenciada e atraindo milhares de visitantes todos os dias.&nbsp;<\/p>\n\n\n\n<p>A visita trouxe reflex\u00f5es sobre como modelos semelhantes podem ser aplicados no Brasil, estimulando a valoriza\u00e7\u00e3o da gastronomia regional e profissionalizando ainda mais o setor. Para os empres\u00e1rios catarinenses, conhecer essa experi\u00eancia foi fundamental para pensar novas estrat\u00e9gias de fortalecimento do com\u00e9rcio local.&nbsp;<\/p>\n\n\n\n<p><\/p>\n\n\n\n<p><strong>World Trade Center Lisboa: oportunidades para internacionaliza\u00e7\u00e3o&nbsp;<\/strong><\/p>\n\n\n\n<p>A miss\u00e3o seguiu para o World Trade Center Lisboa, onde os empres\u00e1rios foram recebidos na sede da Confedera\u00e7\u00e3o Nacional do Com\u00e9rcio (CNC) para um encontro estrat\u00e9gico com Pedro Sampaio e Luciano Montenegro Menezes. O objetivo da reuni\u00e3o foi desmistificar o processo de internacionaliza\u00e7\u00e3o de produtos e servi\u00e7os brasileiros, destacando desafios, oportunidades e estrat\u00e9gias para tornar esse movimento mais acess\u00edvel e eficiente.&nbsp;<\/p>\n\n\n\n<p>Um dos pontos-chave debatidos foi a necessidade de mudan\u00e7a de mentalidade: internacionalizar n\u00e3o significa apenas exportar, mas sim estruturar opera\u00e7\u00f5es com vis\u00e3o global, levando em considera\u00e7\u00e3o a adapta\u00e7\u00e3o de produtos, regulamenta\u00e7\u00f5es e a constru\u00e7\u00e3o de um networking qualificado.&nbsp;<\/p>\n\n\n\n<p>A troca de experi\u00eancias refor\u00e7ou a import\u00e2ncia de construir pontes s\u00f3lidas para garantir o sucesso das empresas que desejam expandir seus neg\u00f3cios para o exterior.&nbsp;<\/p>\n\n\n\n<p><\/p>\n\n\n\n<p><strong>Resultados e impactos imediatos<\/strong><\/p>\n\n\n\n<p>A miss\u00e3o j\u00e1 come\u00e7ou a gerar frutos concretos. Como resultado das conex\u00f5es feitas nesse primeiro dia, foi agendada uma reuni\u00e3o do presidente da Fecom\u00e9rcio SC, H\u00e9lio Dagnoni, com empresas especializadas no processo de internacionaliza\u00e7\u00e3o, abrindo portas para um apoio mais estruturado \u00e0s empresas catarinenses interessadas em expandir seus neg\u00f3cios globalmente.&nbsp;<\/p>\n\n\n\n<p>Para o presidente do Sindilojas, Marcelo Gevaerd, o primeiro dia da miss\u00e3o j\u00e1 trouxe aprendizados importantes.&nbsp;<\/p>\n\n\n\n<p>&#8220;Estamos conhecendo modelos inovadores que podem ser adaptados \u00e0 nossa realidade. A visita ao Mercado da Ribeira mostrou como a parceria entre poder p\u00fablico e iniciativa privada pode transformar um espa\u00e7o e impulsionar o turismo. No World Trade Center, discutimos estrat\u00e9gias fundamentais para facilitar a internacionaliza\u00e7\u00e3o de empresas catarinenses. Foi um dia de muito aprendizado e troca de experi\u00eancias, e sabemos que h\u00e1 muito mais a explorar nos pr\u00f3ximos dias&#8221;, ressalta.&nbsp;<\/p>\n\n\n\n<p>A programa\u00e7\u00e3o da miss\u00e3o empresarial segue nos pr\u00f3ximos dias com novas visitas t\u00e9cnicas e encontros estrat\u00e9gicos, ampliando as perspectivas para o com\u00e9rcio catarinense.&nbsp;<\/p>\n","protected":false},"excerpt":{"rendered":"<p>O presidente do Sindicato do Com\u00e9rcio Varejista e Atacadista de Brusque, Botuver\u00e1 e Guabiruba (Sindilojas) Marcelo Gevaerd, e o diretor Antonio Pacheco Francisco integram a Miss\u00e3o Empresarial da Fecom\u00e9rcio, Sesc e Senac, que embarcou na segunda-feira, 10 de mar\u00e7o, para Portugal. O objetivo principal da viagem \u00e9 acompanhar a maior feira de turismo do pa\u00eds, [&hellip;]<\/p>\n","protected":false},"author":1,"featured_media":4807,"comment_status":"open","ping_status":"open","sticky":false,"template":"","format":"standard","meta":{"footnotes":""},"categories":[1],"tags":[],"class_list":["post-4806","post","type-post","status-publish","format-standard","has-post-thumbnail","hentry","category-geral"],"_links":{"self":[{"href":"http:\/\/sindilojasbrusque.com.br\/index.php?rest_route=\/wp\/v2\/posts\/4806","targetHints":{"allow":["GET"]}}],"collection":[{"href":"http:\/\/sindilojasbrusque.com.br\/index.php?rest_route=\/wp\/v2\/posts"}],"about":[{"href":"http:\/\/sindilojasbrusque.com.br\/index.php?rest_route=\/wp\/v2\/types\/post"}],"author":[{"embeddable":true,"href":"http:\/\/sindilojasbrusque.com.br\/index.php?rest_route=\/wp\/v2\/users\/1"}],"replies":[{"embeddable":true,"href":"http:\/\/sindilojasbrusque.com.br\/index.php?rest_route=%2Fwp%2Fv2%2Fcomments&post=4806"}],"version-history":[{"count":1,"href":"http:\/\/sindilojasbrusque.com.br\/index.php?rest_route=\/wp\/v2\/posts\/4806\/revisions"}],"predecessor-version":[{"id":4808,"href":"http:\/\/sindilojasbrusque.com.br\/index.php?rest_route=\/wp\/v2\/posts\/4806\/revisions\/4808"}],"wp:featuredmedia":[{"embeddable":true,"href":"http:\/\/sindilojasbrusque.com.br\/index.php?rest_route=\/wp\/v2\/media\/4807"}],"wp:attachment":[{"href":"http:\/\/sindilojasbrusque.com.br\/index.php?rest_route=%2Fwp%2Fv2%2Fmedia&parent=4806"}],"wp:term":[{"taxonomy":"category","embeddable":true,"href":"http:\/\/sindilojasbrusque.com.br\/index.php?rest_route=%2Fwp%2Fv2%2Fcategories&post=4806"},{"taxonomy":"post_tag","embeddable":true,"href":"http:\/\/sindilojasbrusque.com.br\/index.php?rest_route=%2Fwp%2Fv2%2Ftags&post=4806"}],"curies":[{"name":"wp","href":"https:\/\/api.w.org\/{rel}","templated":true}]}}